{"id":25494,"date":"2022-06-22T14:23:23","date_gmt":"2022-06-22T14:23:23","guid":{"rendered":"http:\/\/cela.edu.mx\/preparatoria\/?p=25494"},"modified":"2022-06-22T14:23:23","modified_gmt":"2022-06-22T14:23:23","slug":"clase-parque-de-las-americas","status":"publish","type":"post","link":"https:\/\/cela.edu.mx\/preparatoria\/2022\/06\/22\/clase-parque-de-las-americas\/","title":{"rendered":"Clase parque de las Am\u00e9ricas"},"content":{"rendered":"<div class=\"wpb-content-wrapper\"><p>[vc_row][vc_column][vc_column_text]<\/p>\n<p style=\"text-align: center;\">Los estudiantes de 4\u00b0 semestre<br \/>\nMuy amena la charla el s\u00e1bado 26 de marzo con el profesor Ricardo Rodr\u00edguez Alem\u00e1n en el parque de las Am\u00e9ricas. Les compartimos algunas fotograf\u00edas de los estudiantes conociendo sobre el contenido pol\u00edtico, hist\u00f3rico y social del Parque de las Am\u00e9ricas de la Ciudad de M\u00e9rida.<\/p>\n<p>[\/vc_column_text][\/vc_column][\/vc_row][vc_row][vc_column][vc_gallery interval=&#8221;3&#8243; images=&#8221;25495,25496,25497,25498,25499,25500,25501&#8243; img_size=&#8221;large&#8221;][\/vc_column][\/vc_row]<\/p>\n<\/div>","protected":false},"excerpt":{"rendered":"<p>[vc_row][vc_column][vc_column_text] Los estudiantes de 4\u00b0 semestre Muy amena la charla el s\u00e1bado 26 de marzo con el profesor Ricardo Rodr\u00edguez&#8230;<\/p>\n","protected":false},"author":1,"featured_media":25496,"comment_status":"open","ping_status":"open","sticky":false,"template":"","format":"standard","meta":{"footnotes":""},"categories":[92],"tags":[],"class_list":{"0":"post-25494","1":"post","2":"type-post","3":"status-publish","4":"format-standard","5":"has-post-thumbnail","7":"category-logros-indv"},"menu_order":0,"_links":{"self":[{"href":"https:\/\/cela.edu.mx\/preparatoria\/wp-json\/wp\/v2\/posts\/25494","targetHints":{"allow":["GET"]}}],"collection":[{"href":"https:\/\/cela.edu.mx\/preparatoria\/wp-json\/wp\/v2\/posts"}],"about":[{"href":"https:\/\/cela.edu.mx\/preparatoria\/wp-json\/wp\/v2\/types\/post"}],"author":[{"embeddable":true,"href":"https:\/\/cela.edu.mx\/preparatoria\/wp-json\/wp\/v2\/users\/1"}],"replies":[{"embeddable":true,"href":"https:\/\/cela.edu.mx\/preparatoria\/wp-json\/wp\/v2\/comments?post=25494"}],"version-history":[{"count":0,"href":"https:\/\/cela.edu.mx\/preparatoria\/wp-json\/wp\/v2\/posts\/25494\/revisions"}],"wp:featuredmedia":[{"embeddable":true,"href":"https:\/\/cela.edu.mx\/preparatoria\/wp-json\/wp\/v2\/media\/25496"}],"wp:attachment":[{"href":"https:\/\/cela.edu.mx\/preparatoria\/wp-json\/wp\/v2\/media?parent=25494"}],"wp:term":[{"taxonomy":"category","embeddable":true,"href":"https:\/\/cela.edu.mx\/preparatoria\/wp-json\/wp\/v2\/categories?post=25494"},{"taxonomy":"post_tag","embeddable":true,"href":"https:\/\/cela.edu.mx\/preparatoria\/wp-json\/wp\/v2\/tags?post=25494"}],"curies":[{"name":"wp","href":"https:\/\/api.w.org\/{rel}","templated":true}]}}