{"id":25421,"date":"2022-06-21T19:03:36","date_gmt":"2022-06-21T19:03:36","guid":{"rendered":"https:\/\/cela.edu.mx\/preparatoria\/?p=25421"},"modified":"2022-06-21T19:03:36","modified_gmt":"2022-06-21T19:03:36","slug":"resultados-olimpiada-de-matematicas","status":"publish","type":"post","link":"https:\/\/cela.edu.mx\/preparatoria\/2022\/06\/21\/resultados-olimpiada-de-matematicas\/","title":{"rendered":"Resultados olimpiada de matem\u00e1ticas"},"content":{"rendered":"<div class=\"wpb-content-wrapper\"><p>[vc_row][vc_column][vc_column_text]<\/p>\n<p style=\"text-align: center;\">Hoy muy temprano fueron publicados, en la p\u00e1gina oficial de la Olimpiada Mexicana de las Matem\u00e1ticas Yucat\u00e1n, los resultados del primer selectivo llevado a cabo la semana pasada, rumbo a la Olimpiada Nacional.<\/p>\n<p style=\"text-align: center;\">En esta etapa participaron alrededor de 5000 ni\u00f1os, ni\u00f1as y j\u00f3venes de educaci\u00f3n b\u00e1sica y media superior.<\/p>\n<p style=\"text-align: center;\">Con mucha emoci\u00f3n compartimos que siete de nuestros alumnos y alumnas CELA han sido elegidos para iniciar los entrenamientos que buscan integrar a la delegaci\u00f3n que representar\u00e1 a Yucat\u00e1n.<\/p>\n<p style=\"text-align: center;\">Nuestro reconocimiento y gratitud por este importante logro a nuestros y nuestras estudiantes:<br \/>\nAna Luc\u00eda Patr\u00f3n Anchondo,<br \/>\nAndrea Molina P\u00e9rez,<br \/>\n\u00c1ngel Omar Corzo Rodr\u00edguez,<br \/>\nDavid Miguel Medina Raymundo,<br \/>\nIv\u00e1n Cruz V\u00e1zquez,<br \/>\nJohanna Corina May Rivera,<br \/>\nN\u00e9stor Luis De la Torre Cruz<\/p>\n<p style=\"text-align: center;\">Un reconocimiento tambi\u00e9n a la academia docente del \u00e1rea de Matem\u00e1ticas CELA: maestros Daniel Cua, Josu\u00e9 Arias, Gerardo Garc\u00eda y Ra\u00fal Uc.<br \/>\nUn agradecimiento especial al maestro Victor Arano quien estuvo asesorando a nuestros estudiantes.<\/p>\n<p style=\"text-align: center;\">Extendemos una felicitaci\u00f3n a los alumnos y alumnas de educaci\u00f3n b\u00e1sica de nuestra escuela hermana IMA que tambi\u00e9n tienen su pase a la siguiente fase:<\/p>\n<p style=\"text-align: center;\">De primaria.<br \/>\nJimena Corrales Saucedo,<br \/>\nLeonardo Israel Vado Ferr\u00e1ez.<\/p>\n<p style=\"text-align: center;\">De secundaria.<br \/>\nAna Sof\u00eda Flores Sosa,<br \/>\nDiego Garc\u00eda Flores<\/p>\n<p>[\/vc_column_text][\/vc_column][\/vc_row][vc_row][vc_column][vc_single_image image=&#8221;25422&#8243; img_size=&#8221;full&#8221; alignment=&#8221;center&#8221;][\/vc_column][\/vc_row]<\/p>\n<\/div>","protected":false},"excerpt":{"rendered":"<p>[vc_row][vc_column][vc_column_text] Hoy muy temprano fueron publicados, en la p\u00e1gina oficial de la Olimpiada Mexicana de las Matem\u00e1ticas Yucat\u00e1n, los resultados&#8230;<\/p>\n","protected":false},"author":1,"featured_media":25422,"comment_status":"open","ping_status":"open","sticky":false,"template":"","format":"standard","meta":{"footnotes":""},"categories":[92],"tags":[],"class_list":{"0":"post-25421","1":"post","2":"type-post","3":"status-publish","4":"format-standard","5":"has-post-thumbnail","7":"category-logros-indv"},"menu_order":0,"_links":{"self":[{"href":"https:\/\/cela.edu.mx\/preparatoria\/wp-json\/wp\/v2\/posts\/25421","targetHints":{"allow":["GET"]}}],"collection":[{"href":"https:\/\/cela.edu.mx\/preparatoria\/wp-json\/wp\/v2\/posts"}],"about":[{"href":"https:\/\/cela.edu.mx\/preparatoria\/wp-json\/wp\/v2\/types\/post"}],"author":[{"embeddable":true,"href":"https:\/\/cela.edu.mx\/preparatoria\/wp-json\/wp\/v2\/users\/1"}],"replies":[{"embeddable":true,"href":"https:\/\/cela.edu.mx\/preparatoria\/wp-json\/wp\/v2\/comments?post=25421"}],"version-history":[{"count":0,"href":"https:\/\/cela.edu.mx\/preparatoria\/wp-json\/wp\/v2\/posts\/25421\/revisions"}],"wp:featuredmedia":[{"embeddable":true,"href":"https:\/\/cela.edu.mx\/preparatoria\/wp-json\/wp\/v2\/media\/25422"}],"wp:attachment":[{"href":"https:\/\/cela.edu.mx\/preparatoria\/wp-json\/wp\/v2\/media?parent=25421"}],"wp:term":[{"taxonomy":"category","embeddable":true,"href":"https:\/\/cela.edu.mx\/preparatoria\/wp-json\/wp\/v2\/categories?post=25421"},{"taxonomy":"post_tag","embeddable":true,"href":"https:\/\/cela.edu.mx\/preparatoria\/wp-json\/wp\/v2\/tags?post=25421"}],"curies":[{"name":"wp","href":"https:\/\/api.w.org\/{rel}","templated":true}]}}