{"id":25382,"date":"2022-06-21T18:53:41","date_gmt":"2022-06-21T18:53:41","guid":{"rendered":"https:\/\/cela.edu.mx\/preparatoria\/?p=25382"},"modified":"2022-06-21T18:53:41","modified_gmt":"2022-06-21T18:53:41","slug":"dia-internacional-de-la-mujer","status":"publish","type":"post","link":"https:\/\/cela.edu.mx\/preparatoria\/2022\/06\/21\/dia-internacional-de-la-mujer\/","title":{"rendered":"D\u00eda internacional de la mujer"},"content":{"rendered":"<div class=\"wpb-content-wrapper\"><p>[vc_row][vc_column][vc_column_text]Conmemorando el \u201cD\u00eda Internacional de la Mujer\u201d, trabajos de alumnos de primer a\u00f1o en la asignatura Inform\u00e1tica II, con la tem\u00e1tica, \u201cLa mujer que m\u00e1s admiras\u201d.<\/p>\n<p style=\"text-align: center;\">En el marco del D\u00eda Internacional de la Mujer, el d\u00eda 9 de marzo de 2022 realizamos con nuestros alumnos una serie de actividades con el fin de crear conciencia sobre problemas comunes para las mujeres, como el Acoso, los delitos cibern\u00e9ticos y la violencia digital.<br \/>\nComenzamos con la participaci\u00f3n de la Polic\u00eda Cibern\u00e9tica de Yucat\u00e1n con una pl\u00e1tica sobre Delitos Cibern\u00e9ticos.<br \/>\nSe realiz\u00f3 tambi\u00e9n un conversatorio sobre Acoso, que moder\u00f3 nuestra alumna de tercer a\u00f1o Dairen Barreto C\u00e1rdenas y en donde tuvimos como invitadas a nuestra tambi\u00e9n alumna Dana Estefan\u00eda Barrero Garc\u00eda, a la Mtra. Cindy Santos Ramayo de la Contingenta SiempreViva y a la Lic. Rosa Cruz Pech, Directora de UADY sin Acoso.<br \/>\nPor \u00faltimo, nos acompa\u00f1\u00f3 Emma Puerto Arteaga, representante del Frente para la Sororidad Yucat\u00e1n con una pl\u00e1tica sobre Violencia Digital.<br \/>\nLa participaci\u00f3n de nuestros alumnos fue atinada y constante, haciendo preguntas a nuestras invitadas e intercambiando puntos de vista con ellas de manera respetuosa en el af\u00e1n de solucionar dudas sobre estos temas tan importantes.<\/p>\n<p>[\/vc_column_text][\/vc_column][\/vc_row][vc_row][vc_column][vc_gallery interval=&#8221;3&#8243; images=&#8221;25383,25384,25385,25386,25387,25388,25389,25390,25391,25392,25393,25394,25395,25396,25397,25398,25399,25400,25401,25402,25403,25404,25405&#8243; img_size=&#8221;full&#8221;][\/vc_column][\/vc_row]<\/p>\n<\/div>","protected":false},"excerpt":{"rendered":"<p>[vc_row][vc_column][vc_column_text]Conmemorando el \u201cD\u00eda Internacional de la Mujer\u201d, trabajos de alumnos de primer a\u00f1o en la asignatura Inform\u00e1tica II, con la&#8230;<\/p>\n","protected":false},"author":1,"featured_media":25396,"comment_status":"open","ping_status":"open","sticky":false,"template":"","format":"standard","meta":{"footnotes":""},"categories":[91],"tags":[],"class_list":{"0":"post-25382","1":"post","2":"type-post","3":"status-publish","4":"format-standard","5":"has-post-thumbnail","7":"category-eventos"},"menu_order":0,"_links":{"self":[{"href":"https:\/\/cela.edu.mx\/preparatoria\/wp-json\/wp\/v2\/posts\/25382","targetHints":{"allow":["GET"]}}],"collection":[{"href":"https:\/\/cela.edu.mx\/preparatoria\/wp-json\/wp\/v2\/posts"}],"about":[{"href":"https:\/\/cela.edu.mx\/preparatoria\/wp-json\/wp\/v2\/types\/post"}],"author":[{"embeddable":true,"href":"https:\/\/cela.edu.mx\/preparatoria\/wp-json\/wp\/v2\/users\/1"}],"replies":[{"embeddable":true,"href":"https:\/\/cela.edu.mx\/preparatoria\/wp-json\/wp\/v2\/comments?post=25382"}],"version-history":[{"count":0,"href":"https:\/\/cela.edu.mx\/preparatoria\/wp-json\/wp\/v2\/posts\/25382\/revisions"}],"wp:featuredmedia":[{"embeddable":true,"href":"https:\/\/cela.edu.mx\/preparatoria\/wp-json\/wp\/v2\/media\/25396"}],"wp:attachment":[{"href":"https:\/\/cela.edu.mx\/preparatoria\/wp-json\/wp\/v2\/media?parent=25382"}],"wp:term":[{"taxonomy":"category","embeddable":true,"href":"https:\/\/cela.edu.mx\/preparatoria\/wp-json\/wp\/v2\/categories?post=25382"},{"taxonomy":"post_tag","embeddable":true,"href":"https:\/\/cela.edu.mx\/preparatoria\/wp-json\/wp\/v2\/tags?post=25382"}],"curies":[{"name":"wp","href":"https:\/\/api.w.org\/{rel}","templated":true}]}}